{"id":1069,"date":"2020-08-31T14:30:52","date_gmt":"2020-08-31T12:30:52","guid":{"rendered":"https:\/\/kitchenartistry.de\/cgi-bin\/wordpress\/?p=1069"},"modified":"2020-08-31T14:35:45","modified_gmt":"2020-08-31T12:35:45","slug":"kokos-mandel-torte-wie-raffaello-nur-besser","status":"publish","type":"post","link":"https:\/\/kitchenartistry.de\/cgi-bin\/wordpress\/kokos-mandel-torte-wie-raffaello-nur-besser\/","title":{"rendered":"Kokos-Mandel-Torte | wie Raffaello, nur besser"},"content":{"rendered":"\t\t<div data-elementor-type=\"wp-post\" data-elementor-id=\"1069\" class=\"elementor elementor-1069\" data-elementor-settings=\"{&quot;ha_cmc_init_switcher&quot;:&quot;no&quot;}\">\n\t\t\t\t\t\t<section class=\"elementor-section elementor-top-section elementor-element elementor-element-68c8252 elementor-section-boxed elementor-section-height-default elementor-section-height-default\" data-id=\"68c8252\" data-element_type=\"section\" data-e-type=\"section\" data-settings=\"{&quot;_ha_eqh_enable&quot;:false}\">\n\t\t\t\t\t\t<div class=\"elementor-container elementor-column-gap-default\">\n\t\t\t\t\t<div class=\"elementor-column elementor-col-100 elementor-top-column elementor-element elementor-element-998a215\" data-id=\"998a215\" data-element_type=\"column\" data-e-type=\"column\">\n\t\t\t<div class=\"elementor-widget-wrap elementor-element-populated\">\n\t\t\t\t\t\t<div class=\"elementor-element elementor-element-678b367 elementor-widget elementor-widget-image\" data-id=\"678b367\" data-element_type=\"widget\" data-e-type=\"widget\" data-widget_type=\"image.default\">\n\t\t\t\t<div class=\"elementor-widget-container\">\n\t\t\t\t\t\t\t\t\t\t\t\t\t\t\t<img fetchpriority=\"high\" decoding=\"async\" width=\"640\" height=\"427\" src=\"https:\/\/i0.wp.com\/kitchenartistry.de\/cgi-bin\/wordpress\/wp-content\/uploads\/2020\/07\/DSC04909_lzn.jpg?fit=640%2C427&amp;ssl=1\" class=\"attachment-large size-large wp-image-1071\" alt=\"\" srcset=\"https:\/\/i0.wp.com\/kitchenartistry.de\/cgi-bin\/wordpress\/wp-content\/uploads\/2020\/07\/DSC04909_lzn.jpg?w=2048&amp;ssl=1 2048w, https:\/\/i0.wp.com\/kitchenartistry.de\/cgi-bin\/wordpress\/wp-content\/uploads\/2020\/07\/DSC04909_lzn.jpg?resize=300%2C200&amp;ssl=1 300w, https:\/\/i0.wp.com\/kitchenartistry.de\/cgi-bin\/wordpress\/wp-content\/uploads\/2020\/07\/DSC04909_lzn.jpg?resize=1024%2C683&amp;ssl=1 1024w, https:\/\/i0.wp.com\/kitchenartistry.de\/cgi-bin\/wordpress\/wp-content\/uploads\/2020\/07\/DSC04909_lzn.jpg?resize=150%2C100&amp;ssl=1 150w, https:\/\/i0.wp.com\/kitchenartistry.de\/cgi-bin\/wordpress\/wp-content\/uploads\/2020\/07\/DSC04909_lzn.jpg?resize=768%2C512&amp;ssl=1 768w, https:\/\/i0.wp.com\/kitchenartistry.de\/cgi-bin\/wordpress\/wp-content\/uploads\/2020\/07\/DSC04909_lzn.jpg?resize=1536%2C1025&amp;ssl=1 1536w, https:\/\/i0.wp.com\/kitchenartistry.de\/cgi-bin\/wordpress\/wp-content\/uploads\/2020\/07\/DSC04909_lzn.jpg?resize=1320%2C880&amp;ssl=1 1320w, https:\/\/i0.wp.com\/kitchenartistry.de\/cgi-bin\/wordpress\/wp-content\/uploads\/2020\/07\/DSC04909_lzn.jpg?w=1920&amp;ssl=1 1920w\" sizes=\"(max-width: 640px) 100vw, 640px\" \/>\t\t\t\t\t\t\t\t\t\t\t\t\t\t\t<\/div>\n\t\t\t\t<\/div>\n\t\t\t\t\t<\/div>\n\t\t<\/div>\n\t\t\t\t\t<\/div>\n\t\t<\/section>\n\t\t\t\t<section class=\"elementor-section elementor-top-section elementor-element elementor-element-61dbbe7 elementor-section-boxed elementor-section-height-default elementor-section-height-default\" data-id=\"61dbbe7\" data-element_type=\"section\" data-e-type=\"section\" data-settings=\"{&quot;_ha_eqh_enable&quot;:false}\">\n\t\t\t\t\t\t<div class=\"elementor-container elementor-column-gap-default\">\n\t\t\t\t\t<div class=\"elementor-column elementor-col-100 elementor-top-column elementor-element elementor-element-e72d723\" data-id=\"e72d723\" data-element_type=\"column\" data-e-type=\"column\">\n\t\t\t<div class=\"elementor-widget-wrap elementor-element-populated\">\n\t\t\t\t\t\t<div class=\"elementor-element elementor-element-fce34e3 elementor-widget elementor-widget-heading\" data-id=\"fce34e3\" data-element_type=\"widget\" data-e-type=\"widget\" data-widget_type=\"heading.default\">\n\t\t\t\t<div class=\"elementor-widget-container\">\n\t\t\t\t\t<h3 class=\"elementor-heading-title elementor-size-default\">Ein Kokostraum in Form einer Sahnetorte. Luftig wie eine Wolke.<\/h3>\t\t\t\t<\/div>\n\t\t\t\t<\/div>\n\t\t\t\t\t<\/div>\n\t\t<\/div>\n\t\t\t\t\t<\/div>\n\t\t<\/section>\n\t\t\t\t<section class=\"elementor-section elementor-top-section elementor-element elementor-element-c51b0a6 elementor-section-boxed elementor-section-height-default elementor-section-height-default\" data-id=\"c51b0a6\" data-element_type=\"section\" data-e-type=\"section\" data-settings=\"{&quot;_ha_eqh_enable&quot;:false}\">\n\t\t\t\t\t\t<div class=\"elementor-container elementor-column-gap-default\">\n\t\t\t\t\t<div class=\"elementor-column elementor-col-100 elementor-top-column elementor-element elementor-element-9db26f8\" data-id=\"9db26f8\" data-element_type=\"column\" data-e-type=\"column\">\n\t\t\t<div class=\"elementor-widget-wrap elementor-element-populated\">\n\t\t\t\t\t\t<div class=\"elementor-element elementor-element-6c4fdb0 elementor-widget elementor-widget-text-editor\" data-id=\"6c4fdb0\" data-element_type=\"widget\" data-e-type=\"widget\" data-widget_type=\"text-editor.default\">\n\t\t\t\t<div class=\"elementor-widget-container\">\n\t\t\t\t\t\t\t\t\t<p>Wer Raffaello fr\u00fcher mochte, wird diese Torte lieben. Wer das nicht getan hat, vielleicht trotzdem &#8211; denn dadurch, dass sie frei von tierischen Produkten ist und nur aus guten Zutaten besteht, ist sie viel leichter vertr\u00e4glich, schmeckt aber genauso.\u00a0<\/p><p>Die B\u00f6den bestehen aus softem Mandelbiskuit, geschichtet mir einer luftigen Kokossahnecreme. Tipp: Wer mehr auf &#8222;Buttercreme&#8220;-Torten steht, kann die Sahne theoretisch auch weglassen und nur die feste Kokoscreme zum Schichten verwenden. Optional kann dort noch vegane Butter hineingemischt werden &#8211; das ist aber keineswegs n\u00f6tig, da Kokosmilch von Natur aus viel Fett enth\u00e4lt.\u00a0<\/p>\t\t\t\t\t\t\t\t<\/div>\n\t\t\t\t<\/div>\n\t\t\t\t\t<\/div>\n\t\t<\/div>\n\t\t\t\t\t<\/div>\n\t\t<\/section>\n\t\t\t\t<section class=\"elementor-section elementor-top-section elementor-element elementor-element-55adbba elementor-section-boxed elementor-section-height-default elementor-section-height-default\" data-id=\"55adbba\" data-element_type=\"section\" data-e-type=\"section\" data-settings=\"{&quot;_ha_eqh_enable&quot;:false}\">\n\t\t\t\t\t\t<div class=\"elementor-container elementor-column-gap-default\">\n\t\t\t\t\t<div class=\"elementor-column elementor-col-33 elementor-top-column elementor-element elementor-element-5aa1bfd\" data-id=\"5aa1bfd\" data-element_type=\"column\" data-e-type=\"column\">\n\t\t\t<div class=\"elementor-widget-wrap elementor-element-populated\">\n\t\t\t\t\t\t<div class=\"elementor-element elementor-element-67388dc elementor-widget elementor-widget-image\" data-id=\"67388dc\" data-element_type=\"widget\" data-e-type=\"widget\" data-widget_type=\"image.default\">\n\t\t\t\t<div class=\"elementor-widget-container\">\n\t\t\t\t\t\t\t\t\t\t\t\t\t\t\t<img decoding=\"async\" width=\"640\" height=\"960\" src=\"https:\/\/i0.wp.com\/kitchenartistry.de\/cgi-bin\/wordpress\/wp-content\/uploads\/2020\/08\/DSC04855_lzn.jpg?fit=640%2C960&amp;ssl=1\" class=\"attachment-large size-large wp-image-1186\" alt=\"\" srcset=\"https:\/\/i0.wp.com\/kitchenartistry.de\/cgi-bin\/wordpress\/wp-content\/uploads\/2020\/08\/DSC04855_lzn.jpg?w=1366&amp;ssl=1 1366w, https:\/\/i0.wp.com\/kitchenartistry.de\/cgi-bin\/wordpress\/wp-content\/uploads\/2020\/08\/DSC04855_lzn.jpg?resize=200%2C300&amp;ssl=1 200w, https:\/\/i0.wp.com\/kitchenartistry.de\/cgi-bin\/wordpress\/wp-content\/uploads\/2020\/08\/DSC04855_lzn.jpg?resize=683%2C1024&amp;ssl=1 683w, https:\/\/i0.wp.com\/kitchenartistry.de\/cgi-bin\/wordpress\/wp-content\/uploads\/2020\/08\/DSC04855_lzn.jpg?resize=100%2C150&amp;ssl=1 100w, https:\/\/i0.wp.com\/kitchenartistry.de\/cgi-bin\/wordpress\/wp-content\/uploads\/2020\/08\/DSC04855_lzn.jpg?resize=768%2C1151&amp;ssl=1 768w, https:\/\/i0.wp.com\/kitchenartistry.de\/cgi-bin\/wordpress\/wp-content\/uploads\/2020\/08\/DSC04855_lzn.jpg?resize=1025%2C1536&amp;ssl=1 1025w, https:\/\/i0.wp.com\/kitchenartistry.de\/cgi-bin\/wordpress\/wp-content\/uploads\/2020\/08\/DSC04855_lzn.jpg?resize=1320%2C1979&amp;ssl=1 1320w\" sizes=\"(max-width: 640px) 100vw, 640px\" \/>\t\t\t\t\t\t\t\t\t\t\t\t\t\t\t<\/div>\n\t\t\t\t<\/div>\n\t\t\t\t\t<\/div>\n\t\t<\/div>\n\t\t\t\t<div class=\"elementor-column elementor-col-33 elementor-top-column elementor-element elementor-element-7d565ee\" data-id=\"7d565ee\" data-element_type=\"column\" data-e-type=\"column\">\n\t\t\t<div class=\"elementor-widget-wrap elementor-element-populated\">\n\t\t\t\t\t\t<div class=\"elementor-element elementor-element-1c57118 elementor-widget elementor-widget-image\" data-id=\"1c57118\" data-element_type=\"widget\" data-e-type=\"widget\" data-widget_type=\"image.default\">\n\t\t\t\t<div class=\"elementor-widget-container\">\n\t\t\t\t\t\t\t\t\t\t\t\t\t\t\t<img decoding=\"async\" width=\"640\" height=\"960\" src=\"https:\/\/i0.wp.com\/kitchenartistry.de\/cgi-bin\/wordpress\/wp-content\/uploads\/2020\/08\/DSC04863_lzn.jpg?fit=640%2C960&amp;ssl=1\" class=\"attachment-large size-large wp-image-1187\" alt=\"\" srcset=\"https:\/\/i0.wp.com\/kitchenartistry.de\/cgi-bin\/wordpress\/wp-content\/uploads\/2020\/08\/DSC04863_lzn.jpg?w=1366&amp;ssl=1 1366w, https:\/\/i0.wp.com\/kitchenartistry.de\/cgi-bin\/wordpress\/wp-content\/uploads\/2020\/08\/DSC04863_lzn.jpg?resize=200%2C300&amp;ssl=1 200w, https:\/\/i0.wp.com\/kitchenartistry.de\/cgi-bin\/wordpress\/wp-content\/uploads\/2020\/08\/DSC04863_lzn.jpg?resize=683%2C1024&amp;ssl=1 683w, https:\/\/i0.wp.com\/kitchenartistry.de\/cgi-bin\/wordpress\/wp-content\/uploads\/2020\/08\/DSC04863_lzn.jpg?resize=100%2C150&amp;ssl=1 100w, https:\/\/i0.wp.com\/kitchenartistry.de\/cgi-bin\/wordpress\/wp-content\/uploads\/2020\/08\/DSC04863_lzn.jpg?resize=768%2C1151&amp;ssl=1 768w, https:\/\/i0.wp.com\/kitchenartistry.de\/cgi-bin\/wordpress\/wp-content\/uploads\/2020\/08\/DSC04863_lzn.jpg?resize=1025%2C1536&amp;ssl=1 1025w, https:\/\/i0.wp.com\/kitchenartistry.de\/cgi-bin\/wordpress\/wp-content\/uploads\/2020\/08\/DSC04863_lzn.jpg?resize=1320%2C1979&amp;ssl=1 1320w\" sizes=\"(max-width: 640px) 100vw, 640px\" \/>\t\t\t\t\t\t\t\t\t\t\t\t\t\t\t<\/div>\n\t\t\t\t<\/div>\n\t\t\t\t\t<\/div>\n\t\t<\/div>\n\t\t\t\t<div class=\"elementor-column elementor-col-33 elementor-top-column elementor-element elementor-element-fba3cdb\" data-id=\"fba3cdb\" data-element_type=\"column\" data-e-type=\"column\">\n\t\t\t<div class=\"elementor-widget-wrap elementor-element-populated\">\n\t\t\t\t\t\t<div class=\"elementor-element elementor-element-6cb1741 elementor-widget elementor-widget-image\" data-id=\"6cb1741\" data-element_type=\"widget\" data-e-type=\"widget\" data-widget_type=\"image.default\">\n\t\t\t\t<div class=\"elementor-widget-container\">\n\t\t\t\t\t\t\t\t\t\t\t\t\t\t\t<img loading=\"lazy\" decoding=\"async\" width=\"640\" height=\"960\" src=\"https:\/\/i0.wp.com\/kitchenartistry.de\/cgi-bin\/wordpress\/wp-content\/uploads\/2020\/08\/DSC04896_lzn.jpg?fit=640%2C960&amp;ssl=1\" class=\"attachment-large size-large wp-image-1190\" alt=\"\" srcset=\"https:\/\/i0.wp.com\/kitchenartistry.de\/cgi-bin\/wordpress\/wp-content\/uploads\/2020\/08\/DSC04896_lzn.jpg?w=1366&amp;ssl=1 1366w, https:\/\/i0.wp.com\/kitchenartistry.de\/cgi-bin\/wordpress\/wp-content\/uploads\/2020\/08\/DSC04896_lzn.jpg?resize=200%2C300&amp;ssl=1 200w, https:\/\/i0.wp.com\/kitchenartistry.de\/cgi-bin\/wordpress\/wp-content\/uploads\/2020\/08\/DSC04896_lzn.jpg?resize=683%2C1024&amp;ssl=1 683w, https:\/\/i0.wp.com\/kitchenartistry.de\/cgi-bin\/wordpress\/wp-content\/uploads\/2020\/08\/DSC04896_lzn.jpg?resize=100%2C150&amp;ssl=1 100w, https:\/\/i0.wp.com\/kitchenartistry.de\/cgi-bin\/wordpress\/wp-content\/uploads\/2020\/08\/DSC04896_lzn.jpg?resize=768%2C1151&amp;ssl=1 768w, https:\/\/i0.wp.com\/kitchenartistry.de\/cgi-bin\/wordpress\/wp-content\/uploads\/2020\/08\/DSC04896_lzn.jpg?resize=1025%2C1536&amp;ssl=1 1025w, https:\/\/i0.wp.com\/kitchenartistry.de\/cgi-bin\/wordpress\/wp-content\/uploads\/2020\/08\/DSC04896_lzn.jpg?resize=1320%2C1979&amp;ssl=1 1320w\" sizes=\"(max-width: 640px) 100vw, 640px\" \/>\t\t\t\t\t\t\t\t\t\t\t\t\t\t\t<\/div>\n\t\t\t\t<\/div>\n\t\t\t\t\t<\/div>\n\t\t<\/div>\n\t\t\t\t\t<\/div>\n\t\t<\/section>\n\t\t\t\t<section class=\"elementor-section elementor-top-section elementor-element elementor-element-97da893 elementor-section-boxed elementor-section-height-default elementor-section-height-default\" data-id=\"97da893\" data-element_type=\"section\" data-e-type=\"section\" data-settings=\"{&quot;_ha_eqh_enable&quot;:false}\">\n\t\t\t\t\t\t<div class=\"elementor-container elementor-column-gap-default\">\n\t\t\t\t\t<div class=\"elementor-column elementor-col-100 elementor-top-column elementor-element elementor-element-927849e\" data-id=\"927849e\" data-element_type=\"column\" data-e-type=\"column\">\n\t\t\t<div class=\"elementor-widget-wrap elementor-element-populated\">\n\t\t\t\t\t\t<div class=\"elementor-element elementor-element-48e799e elementor-widget elementor-widget-heading\" data-id=\"48e799e\" data-element_type=\"widget\" data-e-type=\"widget\" data-widget_type=\"heading.default\">\n\t\t\t\t<div class=\"elementor-widget-container\">\n\t\t\t\t\t<h3 class=\"elementor-heading-title elementor-size-default\">Sojafrei, weizenfrei, ggf. zuckerfrei und ohne zugesetztes \u00d6l. Wenige, handels\u00fcbliche Zutaten - und denkbar einfach in der Zubereitung.<\/h3>\t\t\t\t<\/div>\n\t\t\t\t<\/div>\n\t\t\t\t\t<\/div>\n\t\t<\/div>\n\t\t\t\t\t<\/div>\n\t\t<\/section>\n\t\t\t\t<section class=\"elementor-section elementor-top-section elementor-element elementor-element-6328a57 elementor-section-boxed elementor-section-height-default elementor-section-height-default\" data-id=\"6328a57\" data-element_type=\"section\" data-e-type=\"section\" data-settings=\"{&quot;_ha_eqh_enable&quot;:false}\">\n\t\t\t\t\t\t<div class=\"elementor-container elementor-column-gap-default\">\n\t\t\t\t\t<div class=\"elementor-column elementor-col-100 elementor-top-column elementor-element elementor-element-4bd5cf3\" data-id=\"4bd5cf3\" data-element_type=\"column\" data-e-type=\"column\">\n\t\t\t<div class=\"elementor-widget-wrap elementor-element-populated\">\n\t\t\t\t\t\t<div class=\"elementor-element elementor-element-a786c3e elementor-widget elementor-widget-text-editor\" data-id=\"a786c3e\" data-element_type=\"widget\" data-e-type=\"widget\" data-widget_type=\"text-editor.default\">\n\t\t\t\t<div class=\"elementor-widget-container\">\n\t\t\t\t\t\t\t\t\t<p>Klingt zu gut, um wahr zu sein? Ist es aber nicht! Diese Torte w\u00fcrde ich als weitgehend gelingsicher bezeichnen, wenn man sich an das Rezept h\u00e4lt. Die gr\u00f6\u00dfte Fehlerquelle w\u00e4re zu vergessen, die Schlagsahne vor dem Aufschlagen k\u00fchlzustellen &#8211; oder ungenaues Abmessen. Grunds\u00e4tzlich kann aber nicht viel schiefgehen.\u00a0\u00a0<\/p><p>Die Zutaten bekommt man fast alle problemlos in jedem Supermarkt, Zuckeraustauschstoffe gibt es z.B. bei Edeka, Rewe, Penny oder im Internet (aber man kann nat\u00fcrlich auch Zucker nehmen). Am Schwierigsten zu bekommen ist wohl vegane Schlagsahne, die mittlerweile jedoch auch immer breiter erh\u00e4ltlich ist. Ich benutze gerne die von Schlagfix (sojafrei, aber leider mit Palm\u00f6l). Es gibt aber auch viele andere, die Marke ist prinzipiell egal.\u00a0<\/p><p>Wem die Gr\u00f6\u00dfe nicht passt, der findet <a href=\"https:\/\/kitchenartistry.de\/cgi-bin\/wordpress\/backmathematik\/\">hier<\/a> eine Umrechnungstabelle.<\/p><p>Viel Spa\u00df w\u00fcnsche ich euch also beim Nachbacken &#8211; &amp; hoffentlich k\u00f6nnt ihr einem Geburtstagskind oder einer Feiergemeinschaft ein L\u00e4cheln auf die Lippen zaubern!<\/p>\t\t\t\t\t\t\t\t<\/div>\n\t\t\t\t<\/div>\n\t\t\t\t\t<\/div>\n\t\t<\/div>\n\t\t\t\t\t<\/div>\n\t\t<\/section>\n\t\t\t\t<section class=\"elementor-section elementor-top-section elementor-element elementor-element-f22aff9 elementor-section-boxed elementor-section-height-default elementor-section-height-default\" data-id=\"f22aff9\" data-element_type=\"section\" data-e-type=\"section\" data-settings=\"{&quot;_ha_eqh_enable&quot;:false}\">\n\t\t\t\t\t\t<div class=\"elementor-container elementor-column-gap-default\">\n\t\t\t\t\t<div class=\"elementor-column elementor-col-50 elementor-top-column elementor-element elementor-element-8eccbd3\" data-id=\"8eccbd3\" data-element_type=\"column\" data-e-type=\"column\">\n\t\t\t<div class=\"elementor-widget-wrap elementor-element-populated\">\n\t\t\t\t\t\t<div class=\"elementor-element elementor-element-58f1502 elementor-widget elementor-widget-image\" data-id=\"58f1502\" data-element_type=\"widget\" data-e-type=\"widget\" data-widget_type=\"image.default\">\n\t\t\t\t<div class=\"elementor-widget-container\">\n\t\t\t\t\t\t\t\t\t\t\t\t\t\t\t<img loading=\"lazy\" decoding=\"async\" width=\"640\" height=\"442\" src=\"https:\/\/i0.wp.com\/kitchenartistry.de\/cgi-bin\/wordpress\/wp-content\/uploads\/2020\/08\/DSC04919_lzn.jpg?fit=640%2C442&amp;ssl=1\" class=\"attachment-large size-large wp-image-1189\" alt=\"\" srcset=\"https:\/\/i0.wp.com\/kitchenartistry.de\/cgi-bin\/wordpress\/wp-content\/uploads\/2020\/08\/DSC04919_lzn.jpg?w=2048&amp;ssl=1 2048w, https:\/\/i0.wp.com\/kitchenartistry.de\/cgi-bin\/wordpress\/wp-content\/uploads\/2020\/08\/DSC04919_lzn.jpg?resize=300%2C207&amp;ssl=1 300w, https:\/\/i0.wp.com\/kitchenartistry.de\/cgi-bin\/wordpress\/wp-content\/uploads\/2020\/08\/DSC04919_lzn.jpg?resize=1024%2C707&amp;ssl=1 1024w, https:\/\/i0.wp.com\/kitchenartistry.de\/cgi-bin\/wordpress\/wp-content\/uploads\/2020\/08\/DSC04919_lzn.jpg?resize=150%2C103&amp;ssl=1 150w, https:\/\/i0.wp.com\/kitchenartistry.de\/cgi-bin\/wordpress\/wp-content\/uploads\/2020\/08\/DSC04919_lzn.jpg?resize=768%2C530&amp;ssl=1 768w, https:\/\/i0.wp.com\/kitchenartistry.de\/cgi-bin\/wordpress\/wp-content\/uploads\/2020\/08\/DSC04919_lzn.jpg?resize=1536%2C1060&amp;ssl=1 1536w, https:\/\/i0.wp.com\/kitchenartistry.de\/cgi-bin\/wordpress\/wp-content\/uploads\/2020\/08\/DSC04919_lzn.jpg?resize=1320%2C911&amp;ssl=1 1320w, https:\/\/i0.wp.com\/kitchenartistry.de\/cgi-bin\/wordpress\/wp-content\/uploads\/2020\/08\/DSC04919_lzn.jpg?w=1920&amp;ssl=1 1920w\" sizes=\"(max-width: 640px) 100vw, 640px\" \/>\t\t\t\t\t\t\t\t\t\t\t\t\t\t\t<\/div>\n\t\t\t\t<\/div>\n\t\t\t\t\t<\/div>\n\t\t<\/div>\n\t\t\t\t<div class=\"elementor-column elementor-col-50 elementor-top-column elementor-element elementor-element-c0d43b7\" data-id=\"c0d43b7\" data-element_type=\"column\" data-e-type=\"column\">\n\t\t\t<div class=\"elementor-widget-wrap elementor-element-populated\">\n\t\t\t\t\t\t<div class=\"elementor-element elementor-element-259cd97 elementor-widget elementor-widget-image\" data-id=\"259cd97\" data-element_type=\"widget\" data-e-type=\"widget\" data-widget_type=\"image.default\">\n\t\t\t\t<div class=\"elementor-widget-container\">\n\t\t\t\t\t\t\t\t\t\t\t\t\t\t\t<img loading=\"lazy\" decoding=\"async\" width=\"640\" height=\"544\" src=\"https:\/\/i0.wp.com\/kitchenartistry.de\/cgi-bin\/wordpress\/wp-content\/uploads\/2020\/08\/DSC04930_lzn.jpg?fit=640%2C544&amp;ssl=1\" class=\"attachment-large size-large wp-image-1193\" alt=\"\" srcset=\"https:\/\/i0.wp.com\/kitchenartistry.de\/cgi-bin\/wordpress\/wp-content\/uploads\/2020\/08\/DSC04930_lzn.jpg?w=1930&amp;ssl=1 1930w, https:\/\/i0.wp.com\/kitchenartistry.de\/cgi-bin\/wordpress\/wp-content\/uploads\/2020\/08\/DSC04930_lzn.jpg?resize=300%2C255&amp;ssl=1 300w, https:\/\/i0.wp.com\/kitchenartistry.de\/cgi-bin\/wordpress\/wp-content\/uploads\/2020\/08\/DSC04930_lzn.jpg?resize=1024%2C870&amp;ssl=1 1024w, https:\/\/i0.wp.com\/kitchenartistry.de\/cgi-bin\/wordpress\/wp-content\/uploads\/2020\/08\/DSC04930_lzn.jpg?resize=150%2C127&amp;ssl=1 150w, https:\/\/i0.wp.com\/kitchenartistry.de\/cgi-bin\/wordpress\/wp-content\/uploads\/2020\/08\/DSC04930_lzn.jpg?resize=768%2C653&amp;ssl=1 768w, https:\/\/i0.wp.com\/kitchenartistry.de\/cgi-bin\/wordpress\/wp-content\/uploads\/2020\/08\/DSC04930_lzn.jpg?resize=1536%2C1305&amp;ssl=1 1536w, https:\/\/i0.wp.com\/kitchenartistry.de\/cgi-bin\/wordpress\/wp-content\/uploads\/2020\/08\/DSC04930_lzn.jpg?resize=1320%2C1122&amp;ssl=1 1320w\" sizes=\"(max-width: 640px) 100vw, 640px\" \/>\t\t\t\t\t\t\t\t\t\t\t\t\t\t\t<\/div>\n\t\t\t\t<\/div>\n\t\t\t\t\t<\/div>\n\t\t<\/div>\n\t\t\t\t\t<\/div>\n\t\t<\/section>\n\t\t\t\t<section class=\"elementor-section elementor-top-section elementor-element elementor-element-fa560af elementor-section-boxed elementor-section-height-default elementor-section-height-default\" data-id=\"fa560af\" data-element_type=\"section\" data-e-type=\"section\" data-settings=\"{&quot;_ha_eqh_enable&quot;:false}\">\n\t\t\t\t\t\t<div class=\"elementor-container elementor-column-gap-default\">\n\t\t\t\t\t<div class=\"elementor-column elementor-col-100 elementor-top-column elementor-element elementor-element-02cbfc3\" data-id=\"02cbfc3\" data-element_type=\"column\" data-e-type=\"column\">\n\t\t\t<div class=\"elementor-widget-wrap elementor-element-populated\">\n\t\t\t\t\t\t<div class=\"elementor-element elementor-element-2ad2ea5 elementor-widget elementor-widget-wprm-recipe\" data-id=\"2ad2ea5\" data-element_type=\"widget\" data-e-type=\"widget\" data-widget_type=\"wprm-recipe.default\">\n\t\t\t\t<div class=\"elementor-widget-container\">\n\t\t\t\t\t<div id=\"recipe\"><\/div><div id=\"wprm-recipe-container-1182\" class=\"wprm-recipe-container\" data-recipe-id=\"1182\" data-servings=\"0\"><div class=\"wprm-recipe wprm-recipe-template-compact\"><div class=\"wprm-container-float-right\">\n\t<div class=\"wprm-recipe-image wprm-block-image-normal\"><a href=\"https:\/\/i0.wp.com\/kitchenartistry.de\/cgi-bin\/wordpress\/wp-content\/uploads\/2020\/08\/DSC04909_lznQ.jpg?fit=1366%2C1366&#038;ssl=1\" aria-label=\"Open larger version of the recipe image\"><img loading=\"lazy\" decoding=\"async\" style=\"border-width: 0px;border-style: solid;border-color: #666666;\" width=\"150\" height=\"150\" src=\"https:\/\/i0.wp.com\/kitchenartistry.de\/cgi-bin\/wordpress\/wp-content\/uploads\/2020\/08\/DSC04909_lznQ.jpg?fit=150%2C150&amp;ssl=1\" class=\"attachment-150x150 size-150x150\" alt=\"\" srcset=\"https:\/\/i0.wp.com\/kitchenartistry.de\/cgi-bin\/wordpress\/wp-content\/uploads\/2020\/08\/DSC04909_lznQ.jpg?w=1366&amp;ssl=1 1366w, https:\/\/i0.wp.com\/kitchenartistry.de\/cgi-bin\/wordpress\/wp-content\/uploads\/2020\/08\/DSC04909_lznQ.jpg?resize=300%2C300&amp;ssl=1 300w, https:\/\/i0.wp.com\/kitchenartistry.de\/cgi-bin\/wordpress\/wp-content\/uploads\/2020\/08\/DSC04909_lznQ.jpg?resize=1024%2C1024&amp;ssl=1 1024w, https:\/\/i0.wp.com\/kitchenartistry.de\/cgi-bin\/wordpress\/wp-content\/uploads\/2020\/08\/DSC04909_lznQ.jpg?resize=150%2C150&amp;ssl=1 150w, https:\/\/i0.wp.com\/kitchenartistry.de\/cgi-bin\/wordpress\/wp-content\/uploads\/2020\/08\/DSC04909_lznQ.jpg?resize=768%2C768&amp;ssl=1 768w, https:\/\/i0.wp.com\/kitchenartistry.de\/cgi-bin\/wordpress\/wp-content\/uploads\/2020\/08\/DSC04909_lznQ.jpg?resize=500%2C500&amp;ssl=1 500w, https:\/\/i0.wp.com\/kitchenartistry.de\/cgi-bin\/wordpress\/wp-content\/uploads\/2020\/08\/DSC04909_lznQ.jpg?resize=1320%2C1320&amp;ssl=1 1320w\" sizes=\"(max-width: 150px) 100vw, 150px\" \/><\/a><\/div>\n\t<div class=\"wprm-spacer\" style=\"height: 5px;\"><\/div>\n\t<a href=\"https:\/\/kitchenartistry.de\/cgi-bin\/wordpress\/wprm_print\/kokos-mandel-torte-wie-raffaello-nur-besser\" style=\"color: #444444;background-color: #ffffff;border-color: #777777;border-radius: 0px;padding: 5px 5px;\" class=\"wprm-recipe-print wprm-recipe-link wprm-print-recipe-shortcode wprm-block-text-normal wprm-recipe-print-wide-button wprm-recipe-link-wide-button wprm-color-accent\" data-recipe-id=\"1182\" data-template=\"\" target=\"_blank\" rel=\"nofollow\"><span class=\"wprm-recipe-icon wprm-recipe-print-icon\"><svg xmlns=\"http:\/\/www.w3.org\/2000\/svg\" xmlns:xlink=\"http:\/\/www.w3.org\/1999\/xlink\" x=\"0px\" y=\"0px\" width=\"16px\" height=\"16px\" viewBox=\"0 0 24 24\"><g ><path fill=\"#444444\" d=\"M19,5.09V1c0-0.552-0.448-1-1-1H6C5.448,0,5,0.448,5,1v4.09C2.167,5.569,0,8.033,0,11v7c0,0.552,0.448,1,1,1h4v4c0,0.552,0.448,1,1,1h12c0.552,0,1-0.448,1-1v-4h4c0.552,0,1-0.448,1-1v-7C24,8.033,21.833,5.569,19,5.09z M7,2h10v3H7V2z M17,22H7v-9h10V22z M18,10c-0.552,0-1-0.448-1-1c0-0.552,0.448-1,1-1s1,0.448,1,1C19,9.552,18.552,10,18,10z\"\/><\/g><\/svg><\/span> Rezept drucken<\/a>\n\t\n\t\n<\/div>\n<h2 class=\"wprm-recipe-name wprm-block-text-bold\">Kokos-Mandel-Torte | wie Raffaello, nur besser<\/h2>\n<div class=\"wprm-spacer\" style=\"height: 5px;\"><\/div>\n<div class=\"wprm-recipe-summary wprm-block-text-normal\"><span style=\"display: block;\">Ein Kokostraum in Form einer luftigen Sahnetorte - einfach und ohne besondere Zutaten. Die Torte ist ggf. soja-, weizen- und zuckerfrei und enth\u00e4lt kein zugesetztes Fett. F\u00fcr eine Springform mit 26cm \u00d8 (ca. 12-16 St\u00fccke).<\/span><\/div>\n<div class=\"wprm-spacer\"><\/div>\n\n<div class=\"wprm-spacer\" style=\"height: 5px;\"><\/div>\n<div class=\"wprm-recipe-meta-container wprm-recipe-tags-container wprm-recipe-details-container wprm-recipe-details-container-inline wprm-block-text-normal\"><div class=\"wprm-recipe-block-container wprm-recipe-block-container-inline wprm-block-text-normal wprm-recipe-tag-container wprm-recipe-course-container\" style=\"\"><span class=\"wprm-recipe-details-label wprm-block-text-faded wprm-recipe-tag-label wprm-recipe-course-label\">Gericht: <\/span><span class=\"wprm-recipe-course wprm-block-text-normal\">Geb\u00e4ck, Nachspeise, Torte<\/span><\/div><div class=\"wprm-recipe-block-container wprm-recipe-block-container-inline wprm-block-text-normal wprm-recipe-tag-container wprm-recipe-suitablefordiet-container\" style=\"\"><span class=\"wprm-recipe-details-label wprm-block-text-faded wprm-recipe-tag-label wprm-recipe-suitablefordiet-label\">Diet: <\/span><span class=\"wprm-recipe-suitablefordiet wprm-block-text-normal\">Vegan<\/span><\/div><div class=\"wprm-recipe-block-container wprm-recipe-block-container-inline wprm-block-text-normal wprm-recipe-tag-container wprm-recipe-keyword-container\" style=\"\"><span class=\"wprm-recipe-details-label wprm-block-text-faded wprm-recipe-tag-label wprm-recipe-keyword-label\">Keyword: <\/span><span class=\"wprm-recipe-keyword wprm-block-text-normal\">Geburtstag<\/span><\/div><\/div>\n\n\n\n\n<div id=\"recipe-1182-equipment\" class=\"wprm-recipe-equipment-container wprm-block-text-normal\" data-recipe=\"1182\"><h3 class=\"wprm-recipe-header wprm-recipe-equipment-header wprm-block-text-bold wprm-align-left wprm-header-decoration-none\" style=\"\">Kochutensilien<\/h3><ul class=\"wprm-recipe-equipment wprm-recipe-equipment-list\"><li class=\"wprm-recipe-equipment-item\" style=\"list-style-type: disc;\"><div class=\"wprm-recipe-equipment-name\">opt. Universalzerkleinerer (Food Processor)<\/div><\/li><li class=\"wprm-recipe-equipment-item\" style=\"list-style-type: disc;\"><div class=\"wprm-recipe-equipment-name\">Handr\u00fchrger\u00e4t, R\u00fchrst\u00e4be kaltgestellt<\/div><\/li><li class=\"wprm-recipe-equipment-item\" style=\"list-style-type: disc;\"><div class=\"wprm-recipe-equipment-name\">Schneebesen<\/div><\/li><li class=\"wprm-recipe-equipment-item\" style=\"list-style-type: disc;\"><div class=\"wprm-recipe-equipment-name\">Mixbeh\u00e4lter \/ R\u00fchrgef\u00e4\u00df, kaltgestellt<\/div><\/li><\/ul><\/div>\n<div id=\"recipe-1182-ingredients\" class=\"wprm-recipe-ingredients-container wprm-recipe-1182-ingredients-container wprm-block-text-normal wprm-ingredient-style-regular wprm-recipe-images-before\" data-recipe=\"1182\" data-servings=\"0\"><h3 class=\"wprm-recipe-header wprm-recipe-ingredients-header wprm-block-text-bold wprm-align-left wprm-header-decoration-none\" style=\"\">Zutaten<\/h3><div class=\"wprm-recipe-ingredient-group\"><h4 class=\"wprm-recipe-group-name wprm-recipe-ingredient-group-name wprm-block-text-bold\">F\u00fcr den Mandelbiskuit (3 Schichten)<\/h4><ul class=\"wprm-recipe-ingredients\"><li class=\"wprm-recipe-ingredient\" style=\"list-style-type: disc;\"><span class=\"wprm-recipe-ingredient-amount\">250<\/span>&#32;<span class=\"wprm-recipe-ingredient-unit\">g<\/span>&#32;<span class=\"wprm-recipe-ingredient-name\">Mandeln<\/span>&#32;<span class=\"wprm-recipe-ingredient-notes wprm-recipe-ingredient-notes-faded\">blanchiert &amp; gemahlen<\/span><\/li><li class=\"wprm-recipe-ingredient\" style=\"list-style-type: disc;\"><span class=\"wprm-recipe-ingredient-amount\">380<\/span>&#32;<span class=\"wprm-recipe-ingredient-unit\">g<\/span>&#32;<span class=\"wprm-recipe-ingredient-name\">Dinkelmehl 630<\/span>&#32;<span class=\"wprm-recipe-ingredient-notes wprm-recipe-ingredient-notes-faded\">oder helles Weizenmehl<\/span><\/li><li class=\"wprm-recipe-ingredient\" style=\"list-style-type: disc;\"><span class=\"wprm-recipe-ingredient-amount\">250<\/span>&#32;<span class=\"wprm-recipe-ingredient-unit\">g<\/span>&#32;<span class=\"wprm-recipe-ingredient-name\">Zucker \/ Xylit<\/span>&#32;<span class=\"wprm-recipe-ingredient-notes wprm-recipe-ingredient-notes-faded\">oder 360g Erythrit<\/span><\/li><li class=\"wprm-recipe-ingredient\" style=\"list-style-type: disc;\"><span class=\"wprm-recipe-ingredient-amount\">450<\/span>&#32;<span class=\"wprm-recipe-ingredient-unit\">g \/ ml<\/span>&#32;<span class=\"wprm-recipe-ingredient-name\">(Sprudel-)Wasser<\/span><\/li><li class=\"wprm-recipe-ingredient\" style=\"list-style-type: disc;\"><span class=\"wprm-recipe-ingredient-amount\">20<\/span>&#32;<span class=\"wprm-recipe-ingredient-unit\">g<\/span>&#32;<span class=\"wprm-recipe-ingredient-name\">Backpulver<\/span><\/li><\/ul><\/div><div class=\"wprm-recipe-ingredient-group\"><h4 class=\"wprm-recipe-group-name wprm-recipe-ingredient-group-name wprm-block-text-bold\">F\u00fcr die Kokossahnecreme <\/h4><ul class=\"wprm-recipe-ingredients\"><li class=\"wprm-recipe-ingredient\" style=\"list-style-type: disc;\"><span class=\"wprm-recipe-ingredient-amount\">800<\/span>&#32;<span class=\"wprm-recipe-ingredient-unit\">ml<\/span>&#32;<span class=\"wprm-recipe-ingredient-name\">Kokosmilch<\/span>&#32;<span class=\"wprm-recipe-ingredient-notes wprm-recipe-ingredient-notes-faded\">vollfett o. fettreduziert ( = 2 Dosen)<\/span><\/li><li class=\"wprm-recipe-ingredient\" style=\"list-style-type: disc;\"><span class=\"wprm-recipe-ingredient-amount\">80<\/span>&#32;<span class=\"wprm-recipe-ingredient-unit\">g<\/span>&#32;<span class=\"wprm-recipe-ingredient-name\">St\u00e4rke<\/span><\/li><li class=\"wprm-recipe-ingredient\" style=\"list-style-type: disc;\"><span class=\"wprm-recipe-ingredient-amount\">60<\/span>&#32;<span class=\"wprm-recipe-ingredient-unit\">g<\/span>&#32;<span class=\"wprm-recipe-ingredient-name\">Zucker \/ Xylit<\/span>&#32;<span class=\"wprm-recipe-ingredient-notes wprm-recipe-ingredient-notes-faded\">oder 85g Erythrit<\/span><\/li><li class=\"wprm-recipe-ingredient\" style=\"list-style-type: disc;\"><span class=\"wprm-recipe-ingredient-amount\">opt. 30<\/span>&#32;<span class=\"wprm-recipe-ingredient-unit\">ml<\/span>&#32;<span class=\"wprm-recipe-ingredient-name\">Kokosrum\/-lik\u00f6r<\/span>&#32;<span class=\"wprm-recipe-ingredient-notes wprm-recipe-ingredient-notes-faded\">z.B. Malibu <\/span><\/li><li class=\"wprm-recipe-ingredient\" style=\"list-style-type: disc;\"><span class=\"wprm-recipe-ingredient-amount\">2<\/span>&#32;<span class=\"wprm-recipe-ingredient-unit\">Pck<\/span>&#32;<span class=\"wprm-recipe-ingredient-name\">vegane Schlagsahne<\/span>&#32;<span class=\"wprm-recipe-ingredient-notes wprm-recipe-ingredient-notes-faded\">kalt<\/span><\/li><li class=\"wprm-recipe-ingredient\" style=\"list-style-type: disc;\"><span class=\"wprm-recipe-ingredient-amount\">opt. 2<\/span>&#32;<span class=\"wprm-recipe-ingredient-unit\">TL<\/span>&#32;<span class=\"wprm-recipe-ingredient-name\">Pfeilwurzelst\u00e4rke<\/span>&#32;<span class=\"wprm-recipe-ingredient-notes wprm-recipe-ingredient-notes-faded\">o. a. Festigungsmittel, z.B. Maisst\u00e4rke, Sahnesteif...*<\/span><\/li><\/ul><\/div><div class=\"wprm-recipe-ingredient-group\"><h4 class=\"wprm-recipe-group-name wprm-recipe-ingredient-group-name wprm-block-text-bold\">Au\u00dferdem<\/h4><ul class=\"wprm-recipe-ingredients\"><li class=\"wprm-recipe-ingredient\" style=\"list-style-type: disc;\"><span class=\"wprm-recipe-ingredient-name\">Kokosraspeln oder Kokoschips<\/span>&#32;<span class=\"wprm-recipe-ingredient-notes wprm-recipe-ingredient-notes-faded\">zum Dekorieren<\/span><\/li><li class=\"wprm-recipe-ingredient\" style=\"list-style-type: disc;\"><span class=\"wprm-recipe-ingredient-name\">Margarine oder vegane Butter<\/span>&#32;<span class=\"wprm-recipe-ingredient-notes wprm-recipe-ingredient-notes-faded\">zum Einfetten der Form<\/span><\/li><\/ul><\/div><\/div>\n<div id=\"recipe-1182-instructions\" class=\"wprm-recipe-instructions-container wprm-recipe-1182-instructions-container wprm-block-text-normal\" data-recipe=\"1182\"><h3 class=\"wprm-recipe-header wprm-recipe-instructions-header wprm-block-text-bold wprm-align-left wprm-header-decoration-none\" style=\"\">Anleitungen<\/h3><div class=\"wprm-recipe-instruction-group\"><ul class=\"wprm-recipe-instructions\"><li id=\"wprm-recipe-1182-step-0-0\" class=\"wprm-recipe-instruction\" style=\"list-style-type: decimal;\"><div class=\"wprm-recipe-instruction-text\" style=\"margin-bottom: 5px;\"><span style=\"display: block;\">Eine Springform gut <strong>einfetten<\/strong>. Die Mandeln ggf. im Universalzerkleinerer sehr <strong>fein mahlen<\/strong>, bis sie beginnen, an den W\u00e4nden kleben zu bleiben. Alle <strong>trockenen Zutaten<\/strong> f\u00fcr die Biskuitb\u00f6den gut mischen.<\/span><\/div><\/li><li id=\"wprm-recipe-1182-step-0-1\" class=\"wprm-recipe-instruction\" style=\"list-style-type: decimal;\"><div class=\"wprm-recipe-instruction-text\" style=\"margin-bottom: 5px;\"><span style=\"display: block;\"><strong>Den Ofen auf 180\u00b0C Ober-\/Unterhitze vorheizen<\/strong>, ein Blech auf die <strong>mittlere Schiene<\/strong>. <\/span><div class=\"wprm-spacer\"><\/div><span style=\"display: block;\">Man kann die B\u00f6den jeweils einzeln backen (je \u2153 des Teiges), oder erst zwei zusammen und dann einen (also erst \u2154 des Teiges, dann \u2153). Der Teig sollte erst <strong>unmittelbar vor dem Backen<\/strong> verr\u00fchrt werden, da das Backpulver sonst bereits aktiviert ist und an Triebkraft verliert. Praktisch sind hier mehrere Formen - ich backe die B\u00f6den aber einfach nacheinander.<\/span><div class=\"wprm-spacer\"><\/div><span style=\"display: block;\"><strong>Das Wasser also hinzugeben und so kurz wie m\u00f6glich mit dem Schneebesen verr\u00fchren<\/strong> (\u2153 = je 150ml). Teig direkt in die Form f\u00fcllen und in den hei\u00dfen Ofen damit.<\/span><div class=\"wprm-spacer\"><\/div><span style=\"display: block;\">Bei <strong>2 B\u00f6den<\/strong> betr\u00e4gt die Backzeit <strong>ca. 25-30 Min<\/strong>., bei <strong>1 Boden 20-25 Min. (St\u00e4bchenprobe!).<\/strong><\/span><\/div><\/li><li id=\"wprm-recipe-1182-step-0-2\" class=\"wprm-recipe-instruction\" style=\"list-style-type: decimal;\"><div class=\"wprm-recipe-instruction-text\" style=\"margin-bottom: 5px;\"><span style=\"display: block;\">F\u00fcr die Kokoscreme die <strong>Kokosmilch in einen Topf geben<\/strong>. <\/span><div class=\"wprm-spacer\"><\/div><span style=\"display: block;\">In einem <strong>separaten Gef\u00e4\u00df St\u00e4rke &amp; Zucker abmessen<\/strong>, etwas von der Kokosmilch <strong>abnehmen<\/strong> und damit <strong>glattr\u00fchren<\/strong>. <\/span><div class=\"wprm-spacer\"><\/div><span style=\"display: block;\">Die <strong>Kokosmilch aufkochen<\/strong>. Ist sie hei\u00df, das Gemisch dazugeben und <strong>unter st\u00e4ndigem R\u00fchren<\/strong> mit dem Schneebesen <strong>kochen, bis die Creme sichtlich andickt<\/strong>. Herunternehmen und opt. den Kokosrum unterr\u00fchren. <\/span><div class=\"wprm-spacer\"><\/div><span style=\"display: block;\">Beiseite stellen &amp; etwas <strong>abk\u00fchlen lassen. <\/strong><\/span><\/div><\/li><li id=\"wprm-recipe-1182-step-0-3\" class=\"wprm-recipe-instruction\" style=\"list-style-type: decimal;\"><div class=\"wprm-recipe-instruction-text\" style=\"margin-bottom: 5px;\"><span style=\"display: block;\">Die unbedingt <strong>kaltgestellte Schlagsahne<\/strong> in ein ebenfalls kaltes Gef\u00e4\u00df geben (ich stelle R\u00fchrst\u00e4be + -gef\u00e4\u00df f\u00fcr eine halbe Stunde ins Gefrierfach, K\u00fchlschrank geht aber auch) und mit dem Handr\u00fchrger\u00e4t steif schlagen. Kurz vor Ende ggf. ein <strong>Festigungsmittel <\/strong>wie Pfeilwurzelst\u00e4rke oder Sahnesteif hinzugeben.<\/span><\/div><\/li><li id=\"wprm-recipe-1182-step-0-4\" class=\"wprm-recipe-instruction\" style=\"list-style-type: decimal;\"><div class=\"wprm-recipe-instruction-text\" style=\"margin-bottom: 5px;\"><span style=\"display: block;\"><strong>Die abgek\u00fchlte Kokoscreme kurz durchmixen<\/strong>, um St\u00fcckchen zu beseitigen (mit dem Handr\u00fchrger\u00e4t, einem Mixer o. \u00c4.) und die <strong>Schlagsahne vorsichtig unterheben<\/strong>. <\/span><\/div><\/li><li id=\"wprm-recipe-1182-step-0-5\" class=\"wprm-recipe-instruction\" style=\"list-style-type: decimal;\"><div class=\"wprm-recipe-instruction-text\" style=\"margin-bottom: 5px;\"><span style=\"display: block;\">Die <strong>Biskuitb\u00f6den ggf. begradigen<\/strong> (nicht zwingend n\u00f6tig) und durchschneiden, sodass insgesamt<strong> 3 Schichten<\/strong> vorhanden sind. Abwechselnd <strong>mit der Kokossahne schichten<\/strong>, ggf. von au\u00dfen verkleiden. Mit Kokosraspeln bestreuen und f\u00fcr <strong>wenigstens einige Stunden, besser \u00fcber Nacht, kaltstellen.<\/strong><\/span><\/div><\/li><\/ul><\/div><\/div>\n<div id=\"recipe-video\"><\/div>\n<div id=\"recipe-1182-notes\" class=\"wprm-recipe-notes-container wprm-block-text-normal\"><h3 class=\"wprm-recipe-header wprm-recipe-notes-header wprm-block-text-bold wprm-align-left wprm-header-decoration-none\" style=\"\">Notizen<\/h3><div class=\"wprm-recipe-notes\"><span style=\"display: block;\">*Sahnesteif besteht aus nichts als (modifizierter) St\u00e4rke &amp; einer Zuckerart und l\u00e4sst sich daher leicht ersetzen. Pfeilwurzelst\u00e4rke ist geschmacksneutral, aber auch Mais-\/Kartoffelst\u00e4rk, Johannisbrotkern- oder Guarkernmehl sollten funktionieren.<\/span><\/div><\/div>\n<\/div><\/div>\t\t\t\t<\/div>\n\t\t\t\t<\/div>\n\t\t\t\t\t<\/div>\n\t\t<\/div>\n\t\t\t\t\t<\/div>\n\t\t<\/section>\n\t\t\t\t<section class=\"elementor-section elementor-top-section elementor-element elementor-element-c5c71b6 elementor-section-boxed elementor-section-height-default elementor-section-height-default\" data-id=\"c5c71b6\" data-element_type=\"section\" data-e-type=\"section\" data-settings=\"{&quot;_ha_eqh_enable&quot;:false}\">\n\t\t\t\t\t\t<div class=\"elementor-container elementor-column-gap-default\">\n\t\t\t\t\t<div class=\"elementor-column elementor-col-100 elementor-top-column elementor-element elementor-element-e93b617\" data-id=\"e93b617\" data-element_type=\"column\" data-e-type=\"column\">\n\t\t\t<div class=\"elementor-widget-wrap elementor-element-populated\">\n\t\t\t\t\t\t<div class=\"elementor-element elementor-element-9cb25d6 elementor-widget elementor-widget-text-editor\" data-id=\"9cb25d6\" data-element_type=\"widget\" data-e-type=\"widget\" data-widget_type=\"text-editor.default\">\n\t\t\t\t<div class=\"elementor-widget-container\">\n\t\t\t\t\t\t\t\t\t<p>Du hast mein Rezept ausprobiert? Dann schreib mir hier in die Kommentare oder tag mich auf Instagram!<\/p>\t\t\t\t\t\t\t\t<\/div>\n\t\t\t\t<\/div>\n\t\t\t\t\t<\/div>\n\t\t<\/div>\n\t\t\t\t\t<\/div>\n\t\t<\/section>\n\t\t\t\t<section class=\"elementor-section elementor-top-section elementor-element elementor-element-722e3d5 elementor-section-boxed elementor-section-height-default elementor-section-height-default\" data-id=\"722e3d5\" data-element_type=\"section\" data-e-type=\"section\" data-settings=\"{&quot;_ha_eqh_enable&quot;:false}\">\n\t\t\t\t\t\t<div class=\"elementor-container elementor-column-gap-default\">\n\t\t\t\t\t<div class=\"elementor-column elementor-col-100 elementor-top-column elementor-element elementor-element-77254cd\" data-id=\"77254cd\" data-element_type=\"column\" data-e-type=\"column\">\n\t\t\t<div class=\"elementor-widget-wrap elementor-element-populated\">\n\t\t\t\t\t\t<div class=\"elementor-element elementor-element-142426c elementor-shape-rounded elementor-grid-0 e-grid-align-center elementor-widget elementor-widget-social-icons\" data-id=\"142426c\" data-element_type=\"widget\" data-e-type=\"widget\" data-widget_type=\"social-icons.default\">\n\t\t\t\t<div class=\"elementor-widget-container\">\n\t\t\t\t\t\t\t<div class=\"elementor-social-icons-wrapper elementor-grid\" role=\"list\">\n\t\t\t\t\t\t\t<span class=\"elementor-grid-item\" role=\"listitem\">\n\t\t\t\t\t<a class=\"elementor-icon elementor-social-icon elementor-social-icon-facebook elementor-repeater-item-283f514\" href=\"http:\/\/facebook.com\/kitchenartistry\" target=\"_blank\">\n\t\t\t\t\t\t<span class=\"elementor-screen-only\">Facebook<\/span>\n\t\t\t\t\t\t<i aria-hidden=\"true\" class=\"fab fa-facebook\"><\/i>\t\t\t\t\t<\/a>\n\t\t\t\t<\/span>\n\t\t\t\t\t\t\t<span class=\"elementor-grid-item\" role=\"listitem\">\n\t\t\t\t\t<a class=\"elementor-icon elementor-social-icon elementor-social-icon-instagram elementor-repeater-item-943a044\" href=\"http:\/\/instagram.com\/kitchenartistry.de\" target=\"_blank\">\n\t\t\t\t\t\t<span class=\"elementor-screen-only\">Instagram<\/span>\n\t\t\t\t\t\t<i aria-hidden=\"true\" class=\"fab fa-instagram\"><\/i>\t\t\t\t\t<\/a>\n\t\t\t\t<\/span>\n\t\t\t\t\t\t\t<span class=\"elementor-grid-item\" role=\"listitem\">\n\t\t\t\t\t<a class=\"elementor-icon elementor-social-icon elementor-social-icon-pinterest elementor-repeater-item-54feb5e\" href=\"https:\/\/www.pinterest.de\/kitchenartistryde\/\" target=\"_blank\">\n\t\t\t\t\t\t<span class=\"elementor-screen-only\">Pinterest<\/span>\n\t\t\t\t\t\t<i aria-hidden=\"true\" class=\"fab fa-pinterest\"><\/i>\t\t\t\t\t<\/a>\n\t\t\t\t<\/span>\n\t\t\t\t\t<\/div>\n\t\t\t\t\t\t<\/div>\n\t\t\t\t<\/div>\n\t\t\t\t\t<\/div>\n\t\t<\/div>\n\t\t\t\t\t<\/div>\n\t\t<\/section>\n\t\t\t\t<\/div>\n\t\t","protected":false},"excerpt":{"rendered":"<p>Ein Kokostraum in Form einer luftigen veganen Sahnetorte &#8211; einfach und ohne besondere Zutaten. Soja-, weizen-, zucker- und \u00f6lfrei. <\/p>\n","protected":false},"author":1,"featured_media":1071,"comment_status":"open","ping_status":"open","sticky":false,"template":"","format":"standard","meta":{"wprm-recipe-roundup-name":"","wprm-recipe-roundup-description":"","jetpack_post_was_ever_published":false,"_jetpack_newsletter_access":"","_jetpack_dont_email_post_to_subs":false,"_jetpack_newsletter_tier_id":0,"_jetpack_memberships_contains_paywalled_content":false,"_jetpack_memberships_contains_paid_content":false,"footnotes":""},"categories":[46,43,44],"tags":[200,226,228,397,52,53,367,201],"class_list":["post-1069","post","type-post","status-publish","format-standard","has-post-thumbnail","hentry","category-backrezepte","category-rezepte","category-suess","tag-besondere-anlaesse","tag-dinkelmehl","tag-erythrit","tag-kokosmilch","tag-mandeln","tag-nuesse","tag-sahne","tag-weizenfrei"],"yoast_head":"<!-- This site is optimized with the Yoast SEO plugin v27.5 - https:\/\/yoast.com\/product\/yoast-seo-wordpress\/ -->\n<title>Kokos-Mandel-Torte | wie Raffaello, nur besser - Kitchen Artistry<\/title>\n<meta name=\"robots\" content=\"index, follow, max-snippet:-1, max-image-preview:large, max-video-preview:-1\" \/>\n<link rel=\"canonical\" href=\"https:\/\/kitchenartistry.de\/cgi-bin\/wordpress\/kokos-mandel-torte-wie-raffaello-nur-besser\/\" \/>\n<meta property=\"og:locale\" content=\"de_DE\" \/>\n<meta property=\"og:type\" content=\"article\" \/>\n<meta property=\"og:title\" content=\"Kokos-Mandel-Torte | wie Raffaello, nur besser - Kitchen Artistry\" \/>\n<meta property=\"og:description\" content=\"Ein Kokostraum in Form einer luftigen veganen Sahnetorte - einfach und ohne besondere Zutaten. Soja-, weizen-, zucker- und \u00f6lfrei.\" \/>\n<meta property=\"og:url\" content=\"https:\/\/kitchenartistry.de\/cgi-bin\/wordpress\/kokos-mandel-torte-wie-raffaello-nur-besser\/\" \/>\n<meta property=\"og:site_name\" content=\"Kitchen Artistry\" \/>\n<meta property=\"article:publisher\" content=\"https:\/\/www.facebook.com\/kitchenartistry\/\" \/>\n<meta property=\"article:author\" content=\"https:\/\/www.facebook.com\/kitchenartistry\/\" \/>\n<meta property=\"article:published_time\" content=\"2020-08-31T12:30:52+00:00\" \/>\n<meta property=\"article:modified_time\" content=\"2020-08-31T12:35:45+00:00\" \/>\n<meta property=\"og:image\" content=\"https:\/\/kitchenartistry.de\/cgi-bin\/wordpress\/wp-content\/uploads\/2020\/07\/DSC04909_lzn.jpg\" \/>\n\t<meta property=\"og:image:width\" content=\"2048\" \/>\n\t<meta property=\"og:image:height\" content=\"1366\" \/>\n\t<meta property=\"og:image:type\" content=\"image\/jpeg\" \/>\n<meta name=\"author\" content=\"Elyo\" \/>\n<meta name=\"twitter:card\" content=\"summary_large_image\" \/>\n<meta name=\"twitter:label1\" content=\"Verfasst von\" \/>\n\t<meta name=\"twitter:data1\" content=\"Elyo\" \/>\n\t<meta name=\"twitter:label2\" content=\"Gesch\u00e4tzte Lesezeit\" \/>\n\t<meta name=\"twitter:data2\" content=\"4\u00a0Minuten\" \/>\n<script type=\"application\/ld+json\" class=\"yoast-schema-graph\">{\"@context\":\"https:\\\/\\\/schema.org\",\"@graph\":[{\"@type\":\"Article\",\"@id\":\"https:\\\/\\\/kitchenartistry.de\\\/cgi-bin\\\/wordpress\\\/kokos-mandel-torte-wie-raffaello-nur-besser\\\/#article\",\"isPartOf\":{\"@id\":\"https:\\\/\\\/kitchenartistry.de\\\/cgi-bin\\\/wordpress\\\/kokos-mandel-torte-wie-raffaello-nur-besser\\\/\"},\"author\":{\"name\":\"Elyo\",\"@id\":\"https:\\\/\\\/kitchenartistry.de\\\/cgi-bin\\\/wordpress\\\/#\\\/schema\\\/person\\\/e59b295c11473eb1a1b341a8a625cdba\"},\"headline\":\"Kokos-Mandel-Torte | wie Raffaello, nur besser\",\"datePublished\":\"2020-08-31T12:30:52+00:00\",\"dateModified\":\"2020-08-31T12:35:45+00:00\",\"mainEntityOfPage\":{\"@id\":\"https:\\\/\\\/kitchenartistry.de\\\/cgi-bin\\\/wordpress\\\/kokos-mandel-torte-wie-raffaello-nur-besser\\\/\"},\"wordCount\":801,\"commentCount\":1,\"publisher\":{\"@id\":\"https:\\\/\\\/kitchenartistry.de\\\/cgi-bin\\\/wordpress\\\/#\\\/schema\\\/person\\\/e59b295c11473eb1a1b341a8a625cdba\"},\"image\":{\"@id\":\"https:\\\/\\\/kitchenartistry.de\\\/cgi-bin\\\/wordpress\\\/kokos-mandel-torte-wie-raffaello-nur-besser\\\/#primaryimage\"},\"thumbnailUrl\":\"https:\\\/\\\/i0.wp.com\\\/kitchenartistry.de\\\/cgi-bin\\\/wordpress\\\/wp-content\\\/uploads\\\/2020\\\/07\\\/DSC04909_lzn.jpg?fit=2048%2C1366&ssl=1\",\"keywords\":[\"Besondere Anl\u00e4sse\",\"Dinkelmehl\",\"Erythrit\",\"Kokosmilch\",\"Mandeln\",\"N\u00fcsse\",\"Sahne\",\"weizenfrei\"],\"articleSection\":[\"Backrezepte\",\"Rezepte\",\"S\u00fc\u00df\"],\"inLanguage\":\"de\",\"potentialAction\":[{\"@type\":\"CommentAction\",\"name\":\"Comment\",\"target\":[\"https:\\\/\\\/kitchenartistry.de\\\/cgi-bin\\\/wordpress\\\/kokos-mandel-torte-wie-raffaello-nur-besser\\\/#respond\"]}]},{\"@type\":\"WebPage\",\"@id\":\"https:\\\/\\\/kitchenartistry.de\\\/cgi-bin\\\/wordpress\\\/kokos-mandel-torte-wie-raffaello-nur-besser\\\/\",\"url\":\"https:\\\/\\\/kitchenartistry.de\\\/cgi-bin\\\/wordpress\\\/kokos-mandel-torte-wie-raffaello-nur-besser\\\/\",\"name\":\"Kokos-Mandel-Torte | wie Raffaello, nur besser - Kitchen Artistry\",\"isPartOf\":{\"@id\":\"https:\\\/\\\/kitchenartistry.de\\\/cgi-bin\\\/wordpress\\\/#website\"},\"primaryImageOfPage\":{\"@id\":\"https:\\\/\\\/kitchenartistry.de\\\/cgi-bin\\\/wordpress\\\/kokos-mandel-torte-wie-raffaello-nur-besser\\\/#primaryimage\"},\"image\":{\"@id\":\"https:\\\/\\\/kitchenartistry.de\\\/cgi-bin\\\/wordpress\\\/kokos-mandel-torte-wie-raffaello-nur-besser\\\/#primaryimage\"},\"thumbnailUrl\":\"https:\\\/\\\/i0.wp.com\\\/kitchenartistry.de\\\/cgi-bin\\\/wordpress\\\/wp-content\\\/uploads\\\/2020\\\/07\\\/DSC04909_lzn.jpg?fit=2048%2C1366&ssl=1\",\"datePublished\":\"2020-08-31T12:30:52+00:00\",\"dateModified\":\"2020-08-31T12:35:45+00:00\",\"breadcrumb\":{\"@id\":\"https:\\\/\\\/kitchenartistry.de\\\/cgi-bin\\\/wordpress\\\/kokos-mandel-torte-wie-raffaello-nur-besser\\\/#breadcrumb\"},\"inLanguage\":\"de\",\"potentialAction\":[{\"@type\":\"ReadAction\",\"target\":[\"https:\\\/\\\/kitchenartistry.de\\\/cgi-bin\\\/wordpress\\\/kokos-mandel-torte-wie-raffaello-nur-besser\\\/\"]}]},{\"@type\":\"ImageObject\",\"inLanguage\":\"de\",\"@id\":\"https:\\\/\\\/kitchenartistry.de\\\/cgi-bin\\\/wordpress\\\/kokos-mandel-torte-wie-raffaello-nur-besser\\\/#primaryimage\",\"url\":\"https:\\\/\\\/i0.wp.com\\\/kitchenartistry.de\\\/cgi-bin\\\/wordpress\\\/wp-content\\\/uploads\\\/2020\\\/07\\\/DSC04909_lzn.jpg?fit=2048%2C1366&ssl=1\",\"contentUrl\":\"https:\\\/\\\/i0.wp.com\\\/kitchenartistry.de\\\/cgi-bin\\\/wordpress\\\/wp-content\\\/uploads\\\/2020\\\/07\\\/DSC04909_lzn.jpg?fit=2048%2C1366&ssl=1\",\"width\":2048,\"height\":1366},{\"@type\":\"BreadcrumbList\",\"@id\":\"https:\\\/\\\/kitchenartistry.de\\\/cgi-bin\\\/wordpress\\\/kokos-mandel-torte-wie-raffaello-nur-besser\\\/#breadcrumb\",\"itemListElement\":[{\"@type\":\"ListItem\",\"position\":1,\"name\":\"Startseite\",\"item\":\"https:\\\/\\\/kitchenartistry.de\\\/cgi-bin\\\/wordpress\\\/\"},{\"@type\":\"ListItem\",\"position\":2,\"name\":\"Kokos-Mandel-Torte | wie Raffaello, nur besser\"}]},{\"@type\":\"WebSite\",\"@id\":\"https:\\\/\\\/kitchenartistry.de\\\/cgi-bin\\\/wordpress\\\/#website\",\"url\":\"https:\\\/\\\/kitchenartistry.de\\\/cgi-bin\\\/wordpress\\\/\",\"name\":\"Kitchen Artistry\",\"description\":\"vegane K\u00fcchenkunst &amp; anderlei\",\"publisher\":{\"@id\":\"https:\\\/\\\/kitchenartistry.de\\\/cgi-bin\\\/wordpress\\\/#\\\/schema\\\/person\\\/e59b295c11473eb1a1b341a8a625cdba\"},\"potentialAction\":[{\"@type\":\"SearchAction\",\"target\":{\"@type\":\"EntryPoint\",\"urlTemplate\":\"https:\\\/\\\/kitchenartistry.de\\\/cgi-bin\\\/wordpress\\\/?s={search_term_string}\"},\"query-input\":{\"@type\":\"PropertyValueSpecification\",\"valueRequired\":true,\"valueName\":\"search_term_string\"}}],\"inLanguage\":\"de\"},{\"@type\":[\"Person\",\"Organization\"],\"@id\":\"https:\\\/\\\/kitchenartistry.de\\\/cgi-bin\\\/wordpress\\\/#\\\/schema\\\/person\\\/e59b295c11473eb1a1b341a8a625cdba\",\"name\":\"Elyo\",\"image\":{\"@type\":\"ImageObject\",\"inLanguage\":\"de\",\"@id\":\"https:\\\/\\\/kitchenartistry.de\\\/cgi-bin\\\/wordpress\\\/wp-content\\\/uploads\\\/2019\\\/11\\\/cropped-kitchenart-logo-2-.png\",\"url\":\"https:\\\/\\\/kitchenartistry.de\\\/cgi-bin\\\/wordpress\\\/wp-content\\\/uploads\\\/2019\\\/11\\\/cropped-kitchenart-logo-2-.png\",\"contentUrl\":\"https:\\\/\\\/kitchenartistry.de\\\/cgi-bin\\\/wordpress\\\/wp-content\\\/uploads\\\/2019\\\/11\\\/cropped-kitchenart-logo-2-.png\",\"width\":1100,\"height\":838,\"caption\":\"Elyo\"},\"logo\":{\"@id\":\"https:\\\/\\\/kitchenartistry.de\\\/cgi-bin\\\/wordpress\\\/wp-content\\\/uploads\\\/2019\\\/11\\\/cropped-kitchenart-logo-2-.png\"},\"description\":\"Hi! Ich bin Elyo, Student aus Hamburg. In der Vergangenheit habe ich gerne ausgefeilte Rezeptkreationen entworfen und sie hier mit der Welt geteilt. Ich freue mich sehr \u00fcber Feedback, Ideen und Anregungen - also z\u00f6gert nicht, die Kommentarspalte zu benutzen! Wer wei\u00df, vielleicht finde ich ja auch mal irgendwann wieder Zeit hier etwas zu teilen...\",\"sameAs\":[\"https:\\\/\\\/www.facebook.com\\\/kitchenartistry\\\/\",\"https:\\\/\\\/www.pinterest.de\\\/kitchenartistryde\"]}]}<\/script>\n<!-- \/ Yoast SEO plugin. -->","yoast_head_json":{"title":"Kokos-Mandel-Torte | wie Raffaello, nur besser - Kitchen Artistry","robots":{"index":"index","follow":"follow","max-snippet":"max-snippet:-1","max-image-preview":"max-image-preview:large","max-video-preview":"max-video-preview:-1"},"canonical":"https:\/\/kitchenartistry.de\/cgi-bin\/wordpress\/kokos-mandel-torte-wie-raffaello-nur-besser\/","og_locale":"de_DE","og_type":"article","og_title":"Kokos-Mandel-Torte | wie Raffaello, nur besser - Kitchen Artistry","og_description":"Ein Kokostraum in Form einer luftigen veganen Sahnetorte - einfach und ohne besondere Zutaten. Soja-, weizen-, zucker- und \u00f6lfrei.","og_url":"https:\/\/kitchenartistry.de\/cgi-bin\/wordpress\/kokos-mandel-torte-wie-raffaello-nur-besser\/","og_site_name":"Kitchen Artistry","article_publisher":"https:\/\/www.facebook.com\/kitchenartistry\/","article_author":"https:\/\/www.facebook.com\/kitchenartistry\/","article_published_time":"2020-08-31T12:30:52+00:00","article_modified_time":"2020-08-31T12:35:45+00:00","og_image":[{"width":2048,"height":1366,"url":"https:\/\/kitchenartistry.de\/cgi-bin\/wordpress\/wp-content\/uploads\/2020\/07\/DSC04909_lzn.jpg","type":"image\/jpeg"}],"author":"Elyo","twitter_card":"summary_large_image","twitter_misc":{"Verfasst von":"Elyo","Gesch\u00e4tzte Lesezeit":"4\u00a0Minuten"},"schema":{"@context":"https:\/\/schema.org","@graph":[{"@type":"Article","@id":"https:\/\/kitchenartistry.de\/cgi-bin\/wordpress\/kokos-mandel-torte-wie-raffaello-nur-besser\/#article","isPartOf":{"@id":"https:\/\/kitchenartistry.de\/cgi-bin\/wordpress\/kokos-mandel-torte-wie-raffaello-nur-besser\/"},"author":{"name":"Elyo","@id":"https:\/\/kitchenartistry.de\/cgi-bin\/wordpress\/#\/schema\/person\/e59b295c11473eb1a1b341a8a625cdba"},"headline":"Kokos-Mandel-Torte | wie Raffaello, nur besser","datePublished":"2020-08-31T12:30:52+00:00","dateModified":"2020-08-31T12:35:45+00:00","mainEntityOfPage":{"@id":"https:\/\/kitchenartistry.de\/cgi-bin\/wordpress\/kokos-mandel-torte-wie-raffaello-nur-besser\/"},"wordCount":801,"commentCount":1,"publisher":{"@id":"https:\/\/kitchenartistry.de\/cgi-bin\/wordpress\/#\/schema\/person\/e59b295c11473eb1a1b341a8a625cdba"},"image":{"@id":"https:\/\/kitchenartistry.de\/cgi-bin\/wordpress\/kokos-mandel-torte-wie-raffaello-nur-besser\/#primaryimage"},"thumbnailUrl":"https:\/\/i0.wp.com\/kitchenartistry.de\/cgi-bin\/wordpress\/wp-content\/uploads\/2020\/07\/DSC04909_lzn.jpg?fit=2048%2C1366&ssl=1","keywords":["Besondere Anl\u00e4sse","Dinkelmehl","Erythrit","Kokosmilch","Mandeln","N\u00fcsse","Sahne","weizenfrei"],"articleSection":["Backrezepte","Rezepte","S\u00fc\u00df"],"inLanguage":"de","potentialAction":[{"@type":"CommentAction","name":"Comment","target":["https:\/\/kitchenartistry.de\/cgi-bin\/wordpress\/kokos-mandel-torte-wie-raffaello-nur-besser\/#respond"]}]},{"@type":"WebPage","@id":"https:\/\/kitchenartistry.de\/cgi-bin\/wordpress\/kokos-mandel-torte-wie-raffaello-nur-besser\/","url":"https:\/\/kitchenartistry.de\/cgi-bin\/wordpress\/kokos-mandel-torte-wie-raffaello-nur-besser\/","name":"Kokos-Mandel-Torte | wie Raffaello, nur besser - Kitchen Artistry","isPartOf":{"@id":"https:\/\/kitchenartistry.de\/cgi-bin\/wordpress\/#website"},"primaryImageOfPage":{"@id":"https:\/\/kitchenartistry.de\/cgi-bin\/wordpress\/kokos-mandel-torte-wie-raffaello-nur-besser\/#primaryimage"},"image":{"@id":"https:\/\/kitchenartistry.de\/cgi-bin\/wordpress\/kokos-mandel-torte-wie-raffaello-nur-besser\/#primaryimage"},"thumbnailUrl":"https:\/\/i0.wp.com\/kitchenartistry.de\/cgi-bin\/wordpress\/wp-content\/uploads\/2020\/07\/DSC04909_lzn.jpg?fit=2048%2C1366&ssl=1","datePublished":"2020-08-31T12:30:52+00:00","dateModified":"2020-08-31T12:35:45+00:00","breadcrumb":{"@id":"https:\/\/kitchenartistry.de\/cgi-bin\/wordpress\/kokos-mandel-torte-wie-raffaello-nur-besser\/#breadcrumb"},"inLanguage":"de","potentialAction":[{"@type":"ReadAction","target":["https:\/\/kitchenartistry.de\/cgi-bin\/wordpress\/kokos-mandel-torte-wie-raffaello-nur-besser\/"]}]},{"@type":"ImageObject","inLanguage":"de","@id":"https:\/\/kitchenartistry.de\/cgi-bin\/wordpress\/kokos-mandel-torte-wie-raffaello-nur-besser\/#primaryimage","url":"https:\/\/i0.wp.com\/kitchenartistry.de\/cgi-bin\/wordpress\/wp-content\/uploads\/2020\/07\/DSC04909_lzn.jpg?fit=2048%2C1366&ssl=1","contentUrl":"https:\/\/i0.wp.com\/kitchenartistry.de\/cgi-bin\/wordpress\/wp-content\/uploads\/2020\/07\/DSC04909_lzn.jpg?fit=2048%2C1366&ssl=1","width":2048,"height":1366},{"@type":"BreadcrumbList","@id":"https:\/\/kitchenartistry.de\/cgi-bin\/wordpress\/kokos-mandel-torte-wie-raffaello-nur-besser\/#breadcrumb","itemListElement":[{"@type":"ListItem","position":1,"name":"Startseite","item":"https:\/\/kitchenartistry.de\/cgi-bin\/wordpress\/"},{"@type":"ListItem","position":2,"name":"Kokos-Mandel-Torte | wie Raffaello, nur besser"}]},{"@type":"WebSite","@id":"https:\/\/kitchenartistry.de\/cgi-bin\/wordpress\/#website","url":"https:\/\/kitchenartistry.de\/cgi-bin\/wordpress\/","name":"Kitchen Artistry","description":"vegane K\u00fcchenkunst &amp; anderlei","publisher":{"@id":"https:\/\/kitchenartistry.de\/cgi-bin\/wordpress\/#\/schema\/person\/e59b295c11473eb1a1b341a8a625cdba"},"potentialAction":[{"@type":"SearchAction","target":{"@type":"EntryPoint","urlTemplate":"https:\/\/kitchenartistry.de\/cgi-bin\/wordpress\/?s={search_term_string}"},"query-input":{"@type":"PropertyValueSpecification","valueRequired":true,"valueName":"search_term_string"}}],"inLanguage":"de"},{"@type":["Person","Organization"],"@id":"https:\/\/kitchenartistry.de\/cgi-bin\/wordpress\/#\/schema\/person\/e59b295c11473eb1a1b341a8a625cdba","name":"Elyo","image":{"@type":"ImageObject","inLanguage":"de","@id":"https:\/\/kitchenartistry.de\/cgi-bin\/wordpress\/wp-content\/uploads\/2019\/11\/cropped-kitchenart-logo-2-.png","url":"https:\/\/kitchenartistry.de\/cgi-bin\/wordpress\/wp-content\/uploads\/2019\/11\/cropped-kitchenart-logo-2-.png","contentUrl":"https:\/\/kitchenartistry.de\/cgi-bin\/wordpress\/wp-content\/uploads\/2019\/11\/cropped-kitchenart-logo-2-.png","width":1100,"height":838,"caption":"Elyo"},"logo":{"@id":"https:\/\/kitchenartistry.de\/cgi-bin\/wordpress\/wp-content\/uploads\/2019\/11\/cropped-kitchenart-logo-2-.png"},"description":"Hi! Ich bin Elyo, Student aus Hamburg. In der Vergangenheit habe ich gerne ausgefeilte Rezeptkreationen entworfen und sie hier mit der Welt geteilt. Ich freue mich sehr \u00fcber Feedback, Ideen und Anregungen - also z\u00f6gert nicht, die Kommentarspalte zu benutzen! Wer wei\u00df, vielleicht finde ich ja auch mal irgendwann wieder Zeit hier etwas zu teilen...","sameAs":["https:\/\/www.facebook.com\/kitchenartistry\/","https:\/\/www.pinterest.de\/kitchenartistryde"]}]}},"jetpack_featured_media_url":"https:\/\/i0.wp.com\/kitchenartistry.de\/cgi-bin\/wordpress\/wp-content\/uploads\/2020\/07\/DSC04909_lzn.jpg?fit=2048%2C1366&ssl=1","jetpack-related-posts":[{"id":1145,"url":"https:\/\/kitchenartistry.de\/cgi-bin\/wordpress\/marzipantorte-vegan\/","url_meta":{"origin":1069,"position":0},"title":"Marzipantorte | vegan","author":"Elyo","date":"8. Dezember 2020","format":false,"excerpt":"Eine Creme aus Cashews, Amaretto, Marzipan und veganer Schlagsahne plus kaffeegetr\u00e4nkte Biskuitb\u00f6den ergeben eine himmlisch-fluffige Sahnetorte, die ein wenig an Tiramisu erinnert.","rel":"","context":"In &quot;Backrezepte&quot;","block_context":{"text":"Backrezepte","link":"https:\/\/kitchenartistry.de\/cgi-bin\/wordpress\/category\/rezepte\/backrezepte\/"},"img":{"alt_text":"","src":"https:\/\/i0.wp.com\/kitchenartistry.de\/cgi-bin\/wordpress\/wp-content\/uploads\/2020\/08\/DSC05790_lzn.jpg?fit=1200%2C800&ssl=1&resize=350%2C200","width":350,"height":200,"srcset":"https:\/\/i0.wp.com\/kitchenartistry.de\/cgi-bin\/wordpress\/wp-content\/uploads\/2020\/08\/DSC05790_lzn.jpg?fit=1200%2C800&ssl=1&resize=350%2C200 1x, https:\/\/i0.wp.com\/kitchenartistry.de\/cgi-bin\/wordpress\/wp-content\/uploads\/2020\/08\/DSC05790_lzn.jpg?fit=1200%2C800&ssl=1&resize=525%2C300 1.5x, https:\/\/i0.wp.com\/kitchenartistry.de\/cgi-bin\/wordpress\/wp-content\/uploads\/2020\/08\/DSC05790_lzn.jpg?fit=1200%2C800&ssl=1&resize=700%2C400 2x, https:\/\/i0.wp.com\/kitchenartistry.de\/cgi-bin\/wordpress\/wp-content\/uploads\/2020\/08\/DSC05790_lzn.jpg?fit=1200%2C800&ssl=1&resize=1050%2C600 3x"},"classes":[]},{"id":327,"url":"https:\/\/kitchenartistry.de\/cgi-bin\/wordpress\/nougat-mokka-torte\/","url_meta":{"origin":1069,"position":1},"title":"Nougat-Mokka-Torte | vegan","author":"Elyo","date":"24. Februar 2020","format":false,"excerpt":"Auf der langen Liste voll Sachen, die ich gerne mal Kochen oder Backen w\u00fcrde, h\u00e4ufen sich unabgearbeitet die Torten. So viele Ideen - so selten ein Anlass, f\u00fcr den man mal eine umsetzen k\u00f6nnte. Letzte Woche allerdings hatten meine Tante und ich Geburtstag - beide auf den gleichen Tag. Ich\u2026","rel":"","context":"In &quot;Backrezepte&quot;","block_context":{"text":"Backrezepte","link":"https:\/\/kitchenartistry.de\/cgi-bin\/wordpress\/category\/rezepte\/backrezepte\/"},"img":{"alt_text":"","src":"https:\/\/i0.wp.com\/kitchenartistry.de\/cgi-bin\/wordpress\/wp-content\/uploads\/2020\/02\/DSC02382_lzn.jpg?fit=1024%2C683&ssl=1&resize=350%2C200","width":350,"height":200,"srcset":"https:\/\/i0.wp.com\/kitchenartistry.de\/cgi-bin\/wordpress\/wp-content\/uploads\/2020\/02\/DSC02382_lzn.jpg?fit=1024%2C683&ssl=1&resize=350%2C200 1x, https:\/\/i0.wp.com\/kitchenartistry.de\/cgi-bin\/wordpress\/wp-content\/uploads\/2020\/02\/DSC02382_lzn.jpg?fit=1024%2C683&ssl=1&resize=525%2C300 1.5x, https:\/\/i0.wp.com\/kitchenartistry.de\/cgi-bin\/wordpress\/wp-content\/uploads\/2020\/02\/DSC02382_lzn.jpg?fit=1024%2C683&ssl=1&resize=700%2C400 2x"},"classes":[]},{"id":731,"url":"https:\/\/kitchenartistry.de\/cgi-bin\/wordpress\/cashew-hafer-sahne-vegane-sahne-selbstgemacht\/","url_meta":{"origin":1069,"position":2},"title":"Cashew-Hafer-Sahne | vegane Sahne selbstgemacht","author":"Elyo","date":"10. April 2020","format":false,"excerpt":"Vegane Sahne selbstgemacht - in dieser Variante besonders mild, cremig und ausgewogen. Perfekt f\u00fcr alle s\u00fc\u00dfen und herzhaften Gerichte, die danach verlangen.","rel":"","context":"In &quot;Basics&quot;","block_context":{"text":"Basics","link":"https:\/\/kitchenartistry.de\/cgi-bin\/wordpress\/category\/rezepte\/basics\/"},"img":{"alt_text":"","src":"https:\/\/i0.wp.com\/kitchenartistry.de\/cgi-bin\/wordpress\/wp-content\/uploads\/2020\/04\/DSC03215_grade_lzn.jpg?fit=1024%2C668&ssl=1&resize=350%2C200","width":350,"height":200,"srcset":"https:\/\/i0.wp.com\/kitchenartistry.de\/cgi-bin\/wordpress\/wp-content\/uploads\/2020\/04\/DSC03215_grade_lzn.jpg?fit=1024%2C668&ssl=1&resize=350%2C200 1x, https:\/\/i0.wp.com\/kitchenartistry.de\/cgi-bin\/wordpress\/wp-content\/uploads\/2020\/04\/DSC03215_grade_lzn.jpg?fit=1024%2C668&ssl=1&resize=525%2C300 1.5x, https:\/\/i0.wp.com\/kitchenartistry.de\/cgi-bin\/wordpress\/wp-content\/uploads\/2020\/04\/DSC03215_grade_lzn.jpg?fit=1024%2C668&ssl=1&resize=700%2C400 2x"},"classes":[]},{"id":785,"url":"https:\/\/kitchenartistry.de\/cgi-bin\/wordpress\/kartoffel-lauch-cremesuppe\/","url_meta":{"origin":1069,"position":3},"title":"Kartoffel-Lauch-Cremesuppe","author":"Elyo","date":"23. Mai 2020","format":false,"excerpt":"Diese deftige Kartoffel-Lauch-Suppe mit selbstgemachter veganer Sahne ist so dick und cremig, wie man es sich nur w\u00fcnschen kann. Genie\u00df sie mit etwas frischem Schnittlauch, Fr\u00fchlingszwiebeln und angebratenen Seitanw\u00fcrstchen.","rel":"","context":"In &quot;Hauptgerichte&quot;","block_context":{"text":"Hauptgerichte","link":"https:\/\/kitchenartistry.de\/cgi-bin\/wordpress\/category\/rezepte\/hauptgerichte\/"},"img":{"alt_text":"","src":"https:\/\/i0.wp.com\/kitchenartistry.de\/cgi-bin\/wordpress\/wp-content\/uploads\/2020\/04\/DSC03277_lzn.jpg?fit=1024%2C683&ssl=1&resize=350%2C200","width":350,"height":200,"srcset":"https:\/\/i0.wp.com\/kitchenartistry.de\/cgi-bin\/wordpress\/wp-content\/uploads\/2020\/04\/DSC03277_lzn.jpg?fit=1024%2C683&ssl=1&resize=350%2C200 1x, https:\/\/i0.wp.com\/kitchenartistry.de\/cgi-bin\/wordpress\/wp-content\/uploads\/2020\/04\/DSC03277_lzn.jpg?fit=1024%2C683&ssl=1&resize=525%2C300 1.5x, https:\/\/i0.wp.com\/kitchenartistry.de\/cgi-bin\/wordpress\/wp-content\/uploads\/2020\/04\/DSC03277_lzn.jpg?fit=1024%2C683&ssl=1&resize=700%2C400 2x"},"classes":[]},{"id":1886,"url":"https:\/\/kitchenartistry.de\/cgi-bin\/wordpress\/bananen-buttercremetorte-vegan\/","url_meta":{"origin":1069,"position":4},"title":"Bananen-Buttercremetorte mit Schokolade &#038; N\u00fcssen | vegan","author":"Elyo","date":"12. Mai 2021","format":false,"excerpt":"Kombiniere Bananenbrot mit Nougat, Schokolade und Buttercreme und du hast etwas ganz Wunderbares geschaffen. Die Buttercreme ist fettreduziert, der Kuchen ist saftig, s\u00e4ttigend und nicht zu s\u00fc\u00df. Perfekt zum Fr\u00fchst\u00fcck oder Nachmittagskaffee!","rel":"","context":"In &quot;Backrezepte&quot;","block_context":{"text":"Backrezepte","link":"https:\/\/kitchenartistry.de\/cgi-bin\/wordpress\/category\/rezepte\/backrezepte\/"},"img":{"alt_text":"","src":"https:\/\/i0.wp.com\/kitchenartistry.de\/cgi-bin\/wordpress\/wp-content\/uploads\/2021\/05\/DSC09294_lzn.jpg?fit=1200%2C800&ssl=1&resize=350%2C200","width":350,"height":200,"srcset":"https:\/\/i0.wp.com\/kitchenartistry.de\/cgi-bin\/wordpress\/wp-content\/uploads\/2021\/05\/DSC09294_lzn.jpg?fit=1200%2C800&ssl=1&resize=350%2C200 1x, https:\/\/i0.wp.com\/kitchenartistry.de\/cgi-bin\/wordpress\/wp-content\/uploads\/2021\/05\/DSC09294_lzn.jpg?fit=1200%2C800&ssl=1&resize=525%2C300 1.5x, https:\/\/i0.wp.com\/kitchenartistry.de\/cgi-bin\/wordpress\/wp-content\/uploads\/2021\/05\/DSC09294_lzn.jpg?fit=1200%2C800&ssl=1&resize=700%2C400 2x, https:\/\/i0.wp.com\/kitchenartistry.de\/cgi-bin\/wordpress\/wp-content\/uploads\/2021\/05\/DSC09294_lzn.jpg?fit=1200%2C800&ssl=1&resize=1050%2C600 3x"},"classes":[]},{"id":1782,"url":"https:\/\/kitchenartistry.de\/cgi-bin\/wordpress\/saftige-moehrentorte-mit-cremigem-frosting-vegan\/","url_meta":{"origin":1069,"position":5},"title":"Saftige M\u00f6hrentorte mit cremigem Frosting | vegan","author":"Elyo","date":"3. April 2021","format":false,"excerpt":"Dieser saftige M\u00f6hrenkuchen hat alles, was er braucht - Waln\u00fcsse, Gew\u00fcrze und nat\u00fcrlich ein cremiges veganes Frosting, das aus Kokosmilch, Amaretto-Pudding & p\u00fcrierten Cashews besteht. Fettarm, zuckerfrei & Less Waste. Ganz sch\u00f6n gesund - und ganz ohne Fertigprodukte!","rel":"","context":"In &quot;Backrezepte&quot;","block_context":{"text":"Backrezepte","link":"https:\/\/kitchenartistry.de\/cgi-bin\/wordpress\/category\/rezepte\/backrezepte\/"},"img":{"alt_text":"","src":"https:\/\/i0.wp.com\/kitchenartistry.de\/cgi-bin\/wordpress\/wp-content\/uploads\/2021\/03\/DSC00461_lzn.jpg?fit=1200%2C800&ssl=1&resize=350%2C200","width":350,"height":200,"srcset":"https:\/\/i0.wp.com\/kitchenartistry.de\/cgi-bin\/wordpress\/wp-content\/uploads\/2021\/03\/DSC00461_lzn.jpg?fit=1200%2C800&ssl=1&resize=350%2C200 1x, https:\/\/i0.wp.com\/kitchenartistry.de\/cgi-bin\/wordpress\/wp-content\/uploads\/2021\/03\/DSC00461_lzn.jpg?fit=1200%2C800&ssl=1&resize=525%2C300 1.5x, https:\/\/i0.wp.com\/kitchenartistry.de\/cgi-bin\/wordpress\/wp-content\/uploads\/2021\/03\/DSC00461_lzn.jpg?fit=1200%2C800&ssl=1&resize=700%2C400 2x, https:\/\/i0.wp.com\/kitchenartistry.de\/cgi-bin\/wordpress\/wp-content\/uploads\/2021\/03\/DSC00461_lzn.jpg?fit=1200%2C800&ssl=1&resize=1050%2C600 3x"},"classes":[]}],"jetpack_sharing_enabled":true,"_links":{"self":[{"href":"https:\/\/kitchenartistry.de\/cgi-bin\/wordpress\/wp-json\/wp\/v2\/posts\/1069","targetHints":{"allow":["GET"]}}],"collection":[{"href":"https:\/\/kitchenartistry.de\/cgi-bin\/wordpress\/wp-json\/wp\/v2\/posts"}],"about":[{"href":"https:\/\/kitchenartistry.de\/cgi-bin\/wordpress\/wp-json\/wp\/v2\/types\/post"}],"author":[{"embeddable":true,"href":"https:\/\/kitchenartistry.de\/cgi-bin\/wordpress\/wp-json\/wp\/v2\/users\/1"}],"replies":[{"embeddable":true,"href":"https:\/\/kitchenartistry.de\/cgi-bin\/wordpress\/wp-json\/wp\/v2\/comments?post=1069"}],"version-history":[{"count":0,"href":"https:\/\/kitchenartistry.de\/cgi-bin\/wordpress\/wp-json\/wp\/v2\/posts\/1069\/revisions"}],"wp:featuredmedia":[{"embeddable":true,"href":"https:\/\/kitchenartistry.de\/cgi-bin\/wordpress\/wp-json\/wp\/v2\/media\/1071"}],"wp:attachment":[{"href":"https:\/\/kitchenartistry.de\/cgi-bin\/wordpress\/wp-json\/wp\/v2\/media?parent=1069"}],"wp:term":[{"taxonomy":"category","embeddable":true,"href":"https:\/\/kitchenartistry.de\/cgi-bin\/wordpress\/wp-json\/wp\/v2\/categories?post=1069"},{"taxonomy":"post_tag","embeddable":true,"href":"https:\/\/kitchenartistry.de\/cgi-bin\/wordpress\/wp-json\/wp\/v2\/tags?post=1069"}],"curies":[{"name":"wp","href":"https:\/\/api.w.org\/{rel}","templated":true}]}}